{"id":3639,"date":"2026-03-03T09:15:32","date_gmt":"2026-03-03T09:15:32","guid":{"rendered":"https:\/\/movela.cz\/?p=3639"},"modified":"2026-03-04T08:06:52","modified_gmt":"2026-03-04T08:06:52","slug":"prakticti-lekari-u-nas-na-prohlidce","status":"publish","type":"post","link":"https:\/\/movela.cz\/de\/aktuality\/prakticti-lekari-u-nas-na-prohlidce\/","title":{"rendered":"Prakti\u010dt\u00ed l\u00e9ka\u0159i u n\u00e1s na prohl\u00eddce"},"content":{"rendered":"<p>V Movele jsme p\u0159iv\u00edtali t\u00e9m\u011b\u0159 40 praktick\u00fdch l\u00e9ka\u0159\u016f z region\u016f. Klinikou je prov\u00e1zel ortoped MUDr. Pavel \u0160\u00edr, vedouc\u00ed jednodenn\u00ed chirurgie a l\u00e9ka\u0159sk\u00e9 p\u00e9\u010de, a Alena Jiskrov\u00e1, vedouc\u00ed s\u00e1lov\u00e1 sestra.<\/p>\n\n\n\n<p>Pro\u0161li jsme l\u016f\u017ekov\u00e1 odd\u011blen\u00ed, z\u00e1zem\u00ed pro l\u00e9ka\u0159e a sesterny, probrali jsme opera\u010dn\u00ed programy i roli koordin\u00e1tora, kter\u00fd je v kontaktu s pacienty od objedn\u00e1n\u00ed a\u017e po posledn\u00ed kontrolu.<\/p>\n\n\n\n<p>Proto\u017ee chceme, aby l\u00e9ka\u0159i p\u0159esn\u011b v\u011bd\u011bli, kam sv\u00e9 pacienty pos\u00edlaj\u00ed.<\/p>\n\n\n\n<p>V\u00e1\u017e\u00edme si odborn\u00e9 komunikace nap\u0159\u00ed\u010d obory. Ta je d\u016fle\u017eit\u00e1 pro nastaven\u00ed co mo\u017en\u00e1 nejefektivn\u011bj\u0161\u00ed l\u00e9\u010dby.<\/p>\n\n\n\n<figure class=\"wp-block-image size-large\"><img fetchpriority=\"high\" decoding=\"async\" width=\"1024\" height=\"683\" src=\"https:\/\/movela.cz\/wp-content\/uploads\/2026\/03\/IMG_9707-1024x683.jpg\" alt=\"\" class=\"wp-image-3640\" srcset=\"https:\/\/movela.cz\/wp-content\/uploads\/2026\/03\/IMG_9707-1024x683.jpg 1024w, https:\/\/movela.cz\/wp-content\/uploads\/2026\/03\/IMG_9707-300x200.jpg 300w, https:\/\/movela.cz\/wp-content\/uploads\/2026\/03\/IMG_9707-768x512.jpg 768w, https:\/\/movela.cz\/wp-content\/uploads\/2026\/03\/IMG_9707-1536x1024.jpg 1536w, https:\/\/movela.cz\/wp-content\/uploads\/2026\/03\/IMG_9707-2048x1365.jpg 2048w, https:\/\/movela.cz\/wp-content\/uploads\/2026\/03\/IMG_9707-18x12.jpg 18w\" sizes=\"(max-width: 1024px) 100vw, 1024px\" \/><\/figure>","protected":false},"excerpt":{"rendered":"<p>Chceme spolupracovat s l\u00e9ka\u0159i z r\u016fzn\u00fdch obor\u016f, nejen s ortopedy. Je d\u016fle\u017eit\u00e9, aby prakti\u010dt\u00ed l\u00e9ka\u0159i p\u0159esn\u011b v\u011bd\u011bli, kam pos\u00edlaj\u00ed sv\u00e9 pacienty. Tak jsme jim to u n\u00e1s uk\u00e1zali.<\/p>","protected":false},"author":2,"featured_media":3641,"comment_status":"closed","ping_status":"","sticky":false,"template":"","format":"standard","meta":{"footnotes":""},"categories":[23],"tags":[],"class_list":["post-3639","post","type-post","status-publish","format-standard","has-post-thumbnail","hentry","category-aktuality"],"_links":{"self":[{"href":"https:\/\/movela.cz\/de\/wp-json\/wp\/v2\/posts\/3639","targetHints":{"allow":["GET"]}}],"collection":[{"href":"https:\/\/movela.cz\/de\/wp-json\/wp\/v2\/posts"}],"about":[{"href":"https:\/\/movela.cz\/de\/wp-json\/wp\/v2\/types\/post"}],"author":[{"embeddable":true,"href":"https:\/\/movela.cz\/de\/wp-json\/wp\/v2\/users\/2"}],"replies":[{"embeddable":true,"href":"https:\/\/movela.cz\/de\/wp-json\/wp\/v2\/comments?post=3639"}],"version-history":[{"count":3,"href":"https:\/\/movela.cz\/de\/wp-json\/wp\/v2\/posts\/3639\/revisions"}],"predecessor-version":[{"id":3689,"href":"https:\/\/movela.cz\/de\/wp-json\/wp\/v2\/posts\/3639\/revisions\/3689"}],"wp:featuredmedia":[{"embeddable":true,"href":"https:\/\/movela.cz\/de\/wp-json\/wp\/v2\/media\/3641"}],"wp:attachment":[{"href":"https:\/\/movela.cz\/de\/wp-json\/wp\/v2\/media?parent=3639"}],"wp:term":[{"taxonomy":"category","embeddable":true,"href":"https:\/\/movela.cz\/de\/wp-json\/wp\/v2\/categories?post=3639"},{"taxonomy":"post_tag","embeddable":true,"href":"https:\/\/movela.cz\/de\/wp-json\/wp\/v2\/tags?post=3639"}],"curies":[{"name":"wp","href":"https:\/\/api.w.org\/{rel}","templated":true}]}}