{"id":4426,"date":"2026-03-20T16:45:08","date_gmt":"2026-03-20T16:45:08","guid":{"rendered":"https:\/\/movela.cz\/?p=4426"},"modified":"2026-03-20T16:45:08","modified_gmt":"2026-03-20T16:45:08","slug":"kdo-vyhral-soutez-sbirame-pribehy-z-ortopedie","status":"publish","type":"post","link":"https:\/\/movela.cz\/de\/aktuality\/kdo-vyhral-soutez-sbirame-pribehy-z-ortopedie\/","title":{"rendered":"Kdo vyhr\u00e1l sout\u011b\u017e Sb\u00edr\u00e1me p\u0159\u00edb\u011bhy z ortopedie?"},"content":{"rendered":"<p>D\u011bkujeme v\u0161em, kte\u0159\u00ed se s n\u00e1mi pod\u011blili o sv\u00e9 zku\u0161enosti s bolest\u00ed, l\u00e9\u010dbou i n\u00e1vratem zp\u00e1tky&nbsp;k pohybu.&nbsp;<\/p>\n\n\n\n<p>V\u00fdherci jsou:&nbsp;<\/p>\n\n\n\n<ul class=\"wp-block-list\">\n<li>Zden\u011bk Mike\u0161, Liberec \u2013 z\u00edsk\u00e1v\u00e1 2 vstupenky na vystoupen\u00ed horolezeck\u00e9 legendy Reinhold\u00a0Messner\u00a0The\u00a0Final\u00a0Expedition\u00a0(28. 4. 2026, O2 arena)\u00a0<\/li>\n\n\n\n<li>Lenka N., Jablonec nad Nisou \u2013 vyhr\u00e1v\u00e1 vstupenky do Divadlo F. X. \u0160aldy\u00a0<\/li>\n\n\n\n<li>Vl\u00e1\u010fa \u0160., Liberec \u2013\u00a0m\u016f\u017ee se t\u011b\u0161it na\u00a0pouk\u00e1zku do Sportisimo\u00a0<\/li>\n<\/ul>\n\n\n\n<p>A tady si m\u016f\u017eete p\u0159e\u010d\u00edst p\u0159\u00edb\u011bhy v\u00fdherc\u016f.<\/p>\n\n\n\n<p>Dobr\u00fd den, po nehod\u011b v roce 2017 jsem m\u011bl bolesti prav\u00e9ho ramene ale rtg sn\u00edmek nic neodhalil. Po t\u0159ech m\u011bs\u00edc\u00edch bolesti jsem nav\u0161t\u00edvil pan\u00ed doktorku Venc\u00e1lkovou a po vy\u0161et\u0159en\u00ed ultrazvukem byla odhalena p\u0159etr\u017een\u00e1 bicepsov\u00e1 \u0161lacha v\u010d. dal\u0161\u00edch podru\u017en\u011bj\u0161\u00edch zran\u011bn\u00ed. Po operaci, kterou provedla pan\u00ed doktorka Venc\u00e1lkov\u00e1, a n\u00e1sledn\u00e9 rehabilitaci m\u00e1m rameno v lep\u0161\u00ed kondici ne\u017e to zdrav\u00e9. V roce 2020 jsem nemohl skoro chodit\u2026 Operace lev\u00e9ho a v roce 2022 prav\u00e9ho kolene (\u010di\u0161t\u011bn\u00ed a odebr\u00e1n\u00ed zadn\u00edho rohu menisku). Ob\u011b kolena odoperov\u00e1ny op\u011bt pan\u00ed doktorkou Venc\u00e1lkovou a op\u011bt precizn\u011b. Mohu d\u011blat d\u0159epy i b\u011bhat! T\u00edmto je\u0161t\u011b jednou mnohokr\u00e1t d\u011bkuji!<\/p>\n\n\n\n<p>Zden\u011bk M., Liberec<\/p>\n\n\n\n<p>N\u011bkolik let trp\u00edm na bolesti kolene, kter\u00e9 m\u011b velmi omezovaly v pohybu. Nakonec mi pomohla sest\u0159i\u010dka Len\u010d\u00e9\u0161ov\u00e1, se kterou jsem se o sv\u00fdch probl\u00e9mech bavila a ona mi doporu\u010dila pana doktora, u kter\u00e9ho pracuje \u2013 MUDr. Pateru. \u010cekala jsem, \u017ee jako u p\u0159edchoz\u00edch vy\u0161et\u0159en\u00ed v jin\u00fdch za\u0159\u00edzen\u00edch se nic nezjist\u00ed, ale pan doktor m\u011b poslal na MR a d\u00edky tomu zjistil, \u017ee m\u00e1m praskl\u00fd meniskus. V\u0161e mi hezky vysv\u011btlil a m\u011b te\u010f \u010dek\u00e1 v \u00fanoru operace. T\u011b\u0161\u00edm se, \u017ee budu moct po rekonvalescenci a rehabilitaci op\u011bt chodit d\u00e1lkov\u00e9 pochody, kter\u00e9 mi kv\u016fli bolestem byly posledn\u00ed rok zapov\u011bzen\u00e9. D\u011bkuji panu doktorovi MUDr. Paterovi za pe\u010dlivou a d\u016fkladnou diagnostiku, kter\u00e9 se mi p\u0159ed t\u00edm v jin\u00fdch ordinac\u00edch bohu\u017eel nedostalo a tak\u00e9 za citliv\u00fd p\u0159\u00edstup a velmi d\u016fkladnou edukaci.<\/p>\n\n\n\n<p>Lenka N., Jablonec n. N.<\/p>\n\n\n\n<p>Jednou jsem k ve\u010deru kr\u00e1jel tvrd\u00fd s\u00fdr a zjistil jsem, \u017ee m\u011b bol\u00ed loket. Nev\u011bnoval jsem tomu zvl\u00e1\u0161tn\u00ed pozornost, ale bolest jsem najednou c\u00edtil p\u0159i ka\u017edodenn\u00edch \u010dinnostech. Asi po m\u011bs\u00edci jsem si vygooglil, co by mi mohlo b\u00fdt a diagnostikoval jsem si o\u0161t\u011bpa\u0159sk\u00fd loket. Dva t\u00fddny jsem se to pokou\u0161el l\u00e9\u010dit s\u00e1m, ne\u017e jsem se objednal na ortopedii k panu doktorovi \u0160\u00edrovi. Pan doktor byl pro m\u011b prvn\u00ed volba, proto\u017ee mi p\u0159ed dvaceti lety d\u011blal plastiku k\u0159\u00ed\u017eov\u00e9ho vazu, kter\u00e1 perfektn\u011b dr\u017e\u00ed dodnes. Zp\u011bt k lokti. Nejd\u0159\u00edv mi pan doktor p\u0159edepsal elektro a magnety. Nepomohlo. Pot\u00e9 laser. Nepomohlo. Nakonec musel p\u0159istoupit ke kortikoidov\u00e9 injekci. Dva dny jsem myslel, \u017ee si tu ruku u\u0159\u00edznu, jak to bolelo\/p\u00e1lilo, ale od t\u0159et\u00edho dne bolest ustupovala a od t\u00e9 doby jsem bez bolesti u\u017e n\u011bkolik m\u011bs\u00edc\u016f.<br>D\u00edky moc!<\/p>\n\n\n\n<p>Vl\u00e1\u010fa \u0160., Liberec<\/p>\n\n\n\n<p>V\u0161em v\u00fdherc\u016fm gratulujeme!<\/p>","protected":false},"excerpt":{"rendered":"<p>U\u017e zn\u00e1me jm\u00e9na v\u00fdherc\u016f. Ceny si m\u016f\u017eou vyzvednout osobn\u011b p\u0159\u00edmo u n\u00e1s. T\u011bm, kte\u0159\u00ed budou cht\u00edt, rovnou i uk\u00e1\u017eeme na\u0161i kliniku.<\/p>","protected":false},"author":2,"featured_media":4427,"comment_status":"closed","ping_status":"","sticky":false,"template":"","format":"standard","meta":{"footnotes":""},"categories":[23],"tags":[],"class_list":["post-4426","post","type-post","status-publish","format-standard","has-post-thumbnail","hentry","category-aktuality"],"_links":{"self":[{"href":"https:\/\/movela.cz\/de\/wp-json\/wp\/v2\/posts\/4426","targetHints":{"allow":["GET"]}}],"collection":[{"href":"https:\/\/movela.cz\/de\/wp-json\/wp\/v2\/posts"}],"about":[{"href":"https:\/\/movela.cz\/de\/wp-json\/wp\/v2\/types\/post"}],"author":[{"embeddable":true,"href":"https:\/\/movela.cz\/de\/wp-json\/wp\/v2\/users\/2"}],"replies":[{"embeddable":true,"href":"https:\/\/movela.cz\/de\/wp-json\/wp\/v2\/comments?post=4426"}],"version-history":[{"count":1,"href":"https:\/\/movela.cz\/de\/wp-json\/wp\/v2\/posts\/4426\/revisions"}],"predecessor-version":[{"id":4428,"href":"https:\/\/movela.cz\/de\/wp-json\/wp\/v2\/posts\/4426\/revisions\/4428"}],"wp:featuredmedia":[{"embeddable":true,"href":"https:\/\/movela.cz\/de\/wp-json\/wp\/v2\/media\/4427"}],"wp:attachment":[{"href":"https:\/\/movela.cz\/de\/wp-json\/wp\/v2\/media?parent=4426"}],"wp:term":[{"taxonomy":"category","embeddable":true,"href":"https:\/\/movela.cz\/de\/wp-json\/wp\/v2\/categories?post=4426"},{"taxonomy":"post_tag","embeddable":true,"href":"https:\/\/movela.cz\/de\/wp-json\/wp\/v2\/tags?post=4426"}],"curies":[{"name":"wp","href":"https:\/\/api.w.org\/{rel}","templated":true}]}}